{"id":15690,"date":"2025-11-16T21:18:32","date_gmt":"2025-11-16T20:18:32","guid":{"rendered":"https:\/\/dodio.de\/dblog\/?p=15690"},"modified":"2025-11-18T21:30:01","modified_gmt":"2025-11-18T20:30:01","slug":"musikalisches-wochenende","status":"publish","type":"post","link":"https:\/\/dodio.de\/dblog\/2025\/11\/musikalisches-wochenende\/","title":{"rendered":"musikalisches Wochenende"},"content":{"rendered":"<p>Das Wochenende war der Musik gewidmet.<br \/>\nAm Freitag waren wir bei einem gro\u00dfen Steh-Konzert: <\/p>\n<p><img loading=\"lazy\" decoding=\"async\" src=\"https:\/\/dodio.de\/dblog\/wp-content\/uploads\/2025\/11\/IMG_2135-780x585.jpeg\" alt=\"\" width=\"780\" height=\"585\" class=\"alignnone size-medium wp-image-15691\" srcset=\"https:\/\/dodio.de\/dblog\/wp-content\/uploads\/2025\/11\/IMG_2135-780x585.jpeg 780w, https:\/\/dodio.de\/dblog\/wp-content\/uploads\/2025\/11\/IMG_2135-1024x768.jpeg 1024w, https:\/\/dodio.de\/dblog\/wp-content\/uploads\/2025\/11\/IMG_2135-768x576.jpeg 768w, https:\/\/dodio.de\/dblog\/wp-content\/uploads\/2025\/11\/IMG_2135-1536x1152.jpeg 1536w, https:\/\/dodio.de\/dblog\/wp-content\/uploads\/2025\/11\/IMG_2135-2048x1536.jpeg 2048w, https:\/\/dodio.de\/dblog\/wp-content\/uploads\/2025\/11\/IMG_2135-676x507.jpeg 676w\" sizes=\"auto, (max-width: 780px) 100vw, 780px\" \/><\/p>\n<p>Das Stehen war anstrengend, andererseits haben wir alle mitgewackelt, weil wir gar nicht so lange ruhig stehen konnten. Es war allerdings auch mitrei\u00dfend. Die Leute haben nicht gedr\u00e4ngelt und fast nicht geschubst, das war angenehm. Wir waren vorher noch lecker essen, alles hat super gepasst.<\/p>\n<p>Am Samstag waren wir bei einem Sitz-Konzert:<br \/>\n<img loading=\"lazy\" decoding=\"async\" src=\"https:\/\/dodio.de\/dblog\/wp-content\/uploads\/2025\/11\/IMG_2137-780x585.jpeg\" alt=\"\" width=\"780\" height=\"585\" class=\"alignnone size-medium wp-image-15692\" srcset=\"https:\/\/dodio.de\/dblog\/wp-content\/uploads\/2025\/11\/IMG_2137-780x585.jpeg 780w, https:\/\/dodio.de\/dblog\/wp-content\/uploads\/2025\/11\/IMG_2137-1024x768.jpeg 1024w, https:\/\/dodio.de\/dblog\/wp-content\/uploads\/2025\/11\/IMG_2137-768x576.jpeg 768w, https:\/\/dodio.de\/dblog\/wp-content\/uploads\/2025\/11\/IMG_2137-1536x1152.jpeg 1536w, https:\/\/dodio.de\/dblog\/wp-content\/uploads\/2025\/11\/IMG_2137-2048x1536.jpeg 2048w, https:\/\/dodio.de\/dblog\/wp-content\/uploads\/2025\/11\/IMG_2137-676x507.jpeg 676w\" sizes=\"auto, (max-width: 780px) 100vw, 780px\" \/><br \/>\nSammy Vom\u00e1\u010dka war mal wieder im Keller, wie <a href=\"https:\/\/dodio.de\/dblog\/2023\/01\/sammy-vomacka-again\/\" target=\"_blank\">schon mal<\/a> und <a href=\"https:\/\/dodio.de\/dblog\/2019\/12\/sammy-vomacka\/\" target=\"_blank\">schon mal<\/a>. Der Keller war leider nur sp\u00e4rlich besucht, das fand ich f\u00fcr die Musiker sehr schade. Sie hatten dennoch ihren Spa\u00df, der sich auch auf uns \u00fcbertragen hat. Ein feines, leises Konzert. Das totale Gegenteil zu gestern. <\/p>\n<p>Beides war toll!<\/p>\n","protected":false},"excerpt":{"rendered":"<p>Das Wochenende war der Musik gewidmet. Am Freitag waren wir bei einem gro\u00dfen Steh-Konzert: Das Stehen war anstrengend, andererseits haben wir alle mitgewackelt, weil wir gar nicht so lange ruhig stehen konnten. Es war allerdings auch mitrei\u00dfend. Die Leute haben nicht gedr\u00e4ngelt und fast nicht geschubst, das war angenehm. Wir waren vorher noch lecker essen, [&hellip;]<\/p>\n","protected":false},"author":1,"featured_media":0,"comment_status":"open","ping_status":"open","sticky":false,"template":"","format":"standard","meta":{"footnotes":""},"categories":[17,41,43],"tags":[],"class_list":["post-15690","post","type-post","status-publish","format-standard","hentry","category-concert","category-musik","category-we-in-bildern","post-preview"],"_links":{"self":[{"href":"https:\/\/dodio.de\/dblog\/wp-json\/wp\/v2\/posts\/15690","targetHints":{"allow":["GET"]}}],"collection":[{"href":"https:\/\/dodio.de\/dblog\/wp-json\/wp\/v2\/posts"}],"about":[{"href":"https:\/\/dodio.de\/dblog\/wp-json\/wp\/v2\/types\/post"}],"author":[{"embeddable":true,"href":"https:\/\/dodio.de\/dblog\/wp-json\/wp\/v2\/users\/1"}],"replies":[{"embeddable":true,"href":"https:\/\/dodio.de\/dblog\/wp-json\/wp\/v2\/comments?post=15690"}],"version-history":[{"count":5,"href":"https:\/\/dodio.de\/dblog\/wp-json\/wp\/v2\/posts\/15690\/revisions"}],"predecessor-version":[{"id":15698,"href":"https:\/\/dodio.de\/dblog\/wp-json\/wp\/v2\/posts\/15690\/revisions\/15698"}],"wp:attachment":[{"href":"https:\/\/dodio.de\/dblog\/wp-json\/wp\/v2\/media?parent=15690"}],"wp:term":[{"taxonomy":"category","embeddable":true,"href":"https:\/\/dodio.de\/dblog\/wp-json\/wp\/v2\/categories?post=15690"},{"taxonomy":"post_tag","embeddable":true,"href":"https:\/\/dodio.de\/dblog\/wp-json\/wp\/v2\/tags?post=15690"}],"curies":[{"name":"wp","href":"https:\/\/api.w.org\/{rel}","templated":true}]}}