{"id":8519,"date":"2020-11-21T22:06:24","date_gmt":"2020-11-22T10:06:24","guid":{"rendered":"http:\/\/dodio.de\/dblog\/?p=8519"},"modified":"2020-11-21T22:24:22","modified_gmt":"2020-11-22T10:24:22","slug":"riechen","status":"publish","type":"post","link":"https:\/\/dodio.de\/dblog\/2020\/11\/riechen\/","title":{"rendered":"Riechen"},"content":{"rendered":"<p><img loading=\"lazy\" decoding=\"async\" src=\"https:\/\/dodio.de\/dblog\/wp-content\/uploads\/2020\/11\/20201114_141411_HDR-780x390.jpg\" alt=\"\" width=\"780\" height=\"390\" class=\"alignnone size-medium wp-image-8562\" srcset=\"https:\/\/dodio.de\/dblog\/wp-content\/uploads\/2020\/11\/20201114_141411_HDR-780x390.jpg 780w, https:\/\/dodio.de\/dblog\/wp-content\/uploads\/2020\/11\/20201114_141411_HDR-1024x512.jpg 1024w, https:\/\/dodio.de\/dblog\/wp-content\/uploads\/2020\/11\/20201114_141411_HDR-768x384.jpg 768w, https:\/\/dodio.de\/dblog\/wp-content\/uploads\/2020\/11\/20201114_141411_HDR-1536x768.jpg 1536w, https:\/\/dodio.de\/dblog\/wp-content\/uploads\/2020\/11\/20201114_141411_HDR-2048x1024.jpg 2048w, https:\/\/dodio.de\/dblog\/wp-content\/uploads\/2020\/11\/20201114_141411_HDR-676x338.jpg 676w\" sizes=\"auto, (max-width: 780px) 100vw, 780px\" \/><br \/>\nIch bin ein Nasenmensch. Mein Geruchsinn ist so ausgepr\u00e4gt, dass es manchmal nervt. Vor allem Menschen, die nicht so gut riechen und dann nicht nachvollziehen, dass ich es an manchen Pl\u00e4tzen nicht aushalte, weil mich die Ger\u00fcche \u00fcberfordern. Daher benutze ich auch sehr, sehr selten Parfum. Viel zu schnell finde ich es aufdringlich. Dann bekomme ich Kopfweh oder sogar Migr\u00e4ne. Mit dem Parfum anderer Menschen geht es mir \u00e4hnlich. Viel zu schnell wird es viel zu unangenehm. <\/p>\n<p>Ich hatte mal eine Kollegin, die sehr nach Schwei\u00df gerochen hat, weil sie synthetische Kleidung trug. Das ist ein ganz spezieller Geruch und war nur schwer zu ertragen. Zum Gl\u00fcck habe ich mit ihr nicht das B\u00fcro geteilt. <\/p>\n<p>Ich habe lange gebraucht, festzustellen, dass nicht alle Menschen so gut riechen. Gut meine ich jetzt nicht nur positiv, sondern durchaus anstrengend. Anstrengend vor allem f\u00fcr mich. Auch in unserer Wohnung gibt es Ger\u00fcche, die nur schwer f\u00fcr mich zu ertragen sind. Damit meine ich nicht die Teenager-Kinder mit ihren stinkigen Socken, sondern Ger\u00fcche, die andere gar nicht wahrnehmen. <\/p>\n<p>Wir hatten lange ein spezielles relativ geruchloses Waschmittel. Leider kam irgendwann ein Geruch dazu. Auf Nachfrage bei der Firma wollte das wohl die Allgemeinheit so. ?? Manche Waschmittel riechen sehr aufdringlich und ich kann Kleider, die bei uns vergessen wurden aufgrund des Geruchs den entsprechenden Kindern zuordnen. Da f\u00fchle ich mich wie ein Schn\u00fcffelhund. <\/p>\n<p>Apropos Hund: der riecht. Ganz extrem sogar. Wenn ich in unsere Wohnung komme, rieche ich den Hund. Doch je mehr ich den Hund mag, desto weniger st\u00f6rt mich sein Geruch. Logo, \u00e4hnlich ist das ja auch bei den Menschen. Die, die ich mag, kann ich riechen. Zumindest meistens. Das geht ja allen so, oft einfach unbewusst. <\/p>\n<p>Wenn das Coronavirus nun den Geruchsnerv angreift und die Riechfunktion eingeschr\u00e4nkt ist, stelle ich mir das einerseits erleichternd, andererseits auch schrecklich vor. Ich habe mich sehr daran gew\u00f6hnt, mich auf meine Nase zu verlassen. Manchmal glaube ich, ich kann Stimmungen riechen und dann entsprechend handeln. \u00dcbertrieben, abgehoben. Ja, das denke ich auch oft. Und doch entt\u00e4uscht mich meine Nase sehr selten. Wenn ich nicht mehr riechen k\u00f6nnte, w\u00e4re also manches einfacher. Aber es w\u00fcrde auch ein ganz wichtiger Faktor fehlen. Da der Geruchsinn ja ganz eng mit dem Geschmacksinn verkoppelt ist, w\u00fcrde das den Alltag sehr einschr\u00e4nken. Nicht mehr schmecken. Das kennt jeder, der mal eine Erk\u00e4ltung hatte. Da freut man sich, wenn man wieder schmecken kann. Was, wenn das l\u00e4nger anh\u00e4lt? Ich stelle mir das schrecklich vor. <\/p>\n<p>Klar, es ist nur eine kleine Nebenwirkung, verglichen mit dem Leiden auf der Intensivstation, doch eine sehr einschr\u00e4nkende. <\/p>\n","protected":false},"excerpt":{"rendered":"<p>Ich bin ein Nasenmensch. Mein Geruchsinn ist so ausgepr\u00e4gt, dass es manchmal nervt. Vor allem Menschen, die nicht so gut riechen und dann nicht nachvollziehen, dass ich es an manchen Pl\u00e4tzen nicht aushalte, weil mich die Ger\u00fcche \u00fcberfordern. Daher benutze ich auch sehr, sehr selten Parfum. Viel zu schnell finde ich es aufdringlich. Dann bekomme [&hellip;]<\/p>\n","protected":false},"author":1,"featured_media":0,"comment_status":"open","ping_status":"open","sticky":false,"template":"","format":"standard","meta":{"footnotes":""},"categories":[38],"tags":[],"class_list":["post-8519","post","type-post","status-publish","format-standard","hentry","category-thoughts","post-preview"],"_links":{"self":[{"href":"https:\/\/dodio.de\/dblog\/wp-json\/wp\/v2\/posts\/8519","targetHints":{"allow":["GET"]}}],"collection":[{"href":"https:\/\/dodio.de\/dblog\/wp-json\/wp\/v2\/posts"}],"about":[{"href":"https:\/\/dodio.de\/dblog\/wp-json\/wp\/v2\/types\/post"}],"author":[{"embeddable":true,"href":"https:\/\/dodio.de\/dblog\/wp-json\/wp\/v2\/users\/1"}],"replies":[{"embeddable":true,"href":"https:\/\/dodio.de\/dblog\/wp-json\/wp\/v2\/comments?post=8519"}],"version-history":[{"count":3,"href":"https:\/\/dodio.de\/dblog\/wp-json\/wp\/v2\/posts\/8519\/revisions"}],"predecessor-version":[{"id":8564,"href":"https:\/\/dodio.de\/dblog\/wp-json\/wp\/v2\/posts\/8519\/revisions\/8564"}],"wp:attachment":[{"href":"https:\/\/dodio.de\/dblog\/wp-json\/wp\/v2\/media?parent=8519"}],"wp:term":[{"taxonomy":"category","embeddable":true,"href":"https:\/\/dodio.de\/dblog\/wp-json\/wp\/v2\/categories?post=8519"},{"taxonomy":"post_tag","embeddable":true,"href":"https:\/\/dodio.de\/dblog\/wp-json\/wp\/v2\/tags?post=8519"}],"curies":[{"name":"wp","href":"https:\/\/api.w.org\/{rel}","templated":true}]}}