{"id":9974,"date":"2021-07-23T20:35:38","date_gmt":"2021-07-24T08:35:38","guid":{"rendered":"http:\/\/dodio.de\/dblog\/?p=9974"},"modified":"2021-07-18T20:36:08","modified_gmt":"2021-07-19T08:36:08","slug":"segeltoern-2021-cote-dazur-nachtrag","status":"publish","type":"post","link":"https:\/\/dodio.de\/dblog\/2021\/07\/segeltoern-2021-cote-dazur-nachtrag\/","title":{"rendered":"Segelt\u00f6rn 2021, C\u00f4te d&#8217;Azur, Nachtrag"},"content":{"rendered":"<p><img loading=\"lazy\" decoding=\"async\" src=\"https:\/\/dodio.de\/dblog\/wp-content\/uploads\/2021\/07\/20210701_154135_HDR-780x390.jpg\" alt=\"\" width=\"780\" height=\"390\" class=\"alignnone size-medium wp-image-10080\" srcset=\"https:\/\/dodio.de\/dblog\/wp-content\/uploads\/2021\/07\/20210701_154135_HDR-780x390.jpg 780w, https:\/\/dodio.de\/dblog\/wp-content\/uploads\/2021\/07\/20210701_154135_HDR-1024x512.jpg 1024w, https:\/\/dodio.de\/dblog\/wp-content\/uploads\/2021\/07\/20210701_154135_HDR-768x384.jpg 768w, https:\/\/dodio.de\/dblog\/wp-content\/uploads\/2021\/07\/20210701_154135_HDR-1536x768.jpg 1536w, https:\/\/dodio.de\/dblog\/wp-content\/uploads\/2021\/07\/20210701_154135_HDR-2048x1024.jpg 2048w, https:\/\/dodio.de\/dblog\/wp-content\/uploads\/2021\/07\/20210701_154135_HDR-676x338.jpg 676w\" sizes=\"auto, (max-width: 780px) 100vw, 780px\" \/><br \/>\nDer T\u00f6rn war lange vor Corona geplant. Nach dem letzten T\u00f6rn, der so gut und harmonisch lief, wollten wir nochmal los, diesmal ein anderes Meer. Angefangen zu planen hatten wir also vor knapp 2 Jahren f\u00fcr den Sommer 2020. Dann kam alles anders und wir konnten den T\u00f6rn verschieben. Inzwischen war die Crew angewachsen und aus der urspr\u00fcnglichen Idee, mit dem TGV anzureisen, wurde letztlich auch nichts mehr. Schade. Das w\u00e4re entspannter und vermutlich auch etwas billiger f\u00fcr alle gewesen. Andererseits h\u00e4tten wir uns mit dem Gep\u00e4ck etwas mehr einschr\u00e4nken m\u00fcssen und der Einkauf in Frankreich am Hafen w\u00e4re nicht ganz so einfach gewesen. H\u00e4tte aber auch geklappt. Somit hatten wir ein Auto gemietet, in das wir alle reingepasst haben. 8 Personen, das ist schon eine Menge. 2 Personen haben sich mit Fahren abgewechselt. Das ging gut und das haben die 2 richtig toll gemacht. Mir ist nicht schlecht geworden und ich konnte sogar ein bisschen d\u00f6sen. <\/p>\n<p>Was mich \u00fcberrascht hat, war, wieviel es doch ausmacht, zu so vielen unterwegs zu sein. In den Niederlanden waren wir &#8222;nur&#8220; zu 5. Dort haben wir viel zusammen gemacht, aber uns oft auch aufgeteilt. Jetzt war es \u00e4hnlich. Aber selbst mit aufteilen war es mir manchmal zu viel und ich habe gewerkt, dass ich Zeit f\u00fcr mich alleine brauche. Und mir auch genommen. Anderen ging es \u00e4hnlich. F\u00fcr mich war eine Umstellung, keine Koje alleine zu haben. Das habe ich aber vorher gewusst und war nat\u00fcrlich auch ok so. Der Platz war dadurch echt eng und wir h\u00e4tten etwas mehr Stauraum gebraucht. Zum Gl\u00fcck hatten wir keine Gummistiefel und \u00d6lzeug eingepackt. <\/p>\n<p>Ob ich es wieder machen w\u00fcrde? Ja, sofort. Es hat Spa\u00df gemacht und ich habe etwas gelernt. Ausserdem hatte ich Urlaub von der Familie und mich wirklich wieder sehr auf meine Menschen gefreut &#8211; und den Hund. Sie sind mir doch am liebsten! Mit 7 anderen Personen zu kommunizieren und eine Einigung zu finden, fand ich manchmal etwas schwierig. Aber das haben wir als Familie ja auch. Sch\u00f6n fand ich, wie toll wir als Crew zusammen gearbeitet haben. Wie super alles beim Segeln geklappt hat. Und schade, dass ich so wenig wei\u00df. <\/p>\n","protected":false},"excerpt":{"rendered":"<p>Der T\u00f6rn war lange vor Corona geplant. Nach dem letzten T\u00f6rn, der so gut und harmonisch lief, wollten wir nochmal los, diesmal ein anderes Meer. Angefangen zu planen hatten wir also vor knapp 2 Jahren f\u00fcr den Sommer 2020. Dann kam alles anders und wir konnten den T\u00f6rn verschieben. Inzwischen war die Crew angewachsen und [&hellip;]<\/p>\n","protected":false},"author":1,"featured_media":0,"comment_status":"open","ping_status":"open","sticky":false,"template":"","format":"standard","meta":{"footnotes":""},"categories":[6,42],"tags":[],"class_list":["post-9974","post","type-post","status-publish","format-standard","hentry","category-ferien","category-frankreich","post-preview"],"_links":{"self":[{"href":"https:\/\/dodio.de\/dblog\/wp-json\/wp\/v2\/posts\/9974","targetHints":{"allow":["GET"]}}],"collection":[{"href":"https:\/\/dodio.de\/dblog\/wp-json\/wp\/v2\/posts"}],"about":[{"href":"https:\/\/dodio.de\/dblog\/wp-json\/wp\/v2\/types\/post"}],"author":[{"embeddable":true,"href":"https:\/\/dodio.de\/dblog\/wp-json\/wp\/v2\/users\/1"}],"replies":[{"embeddable":true,"href":"https:\/\/dodio.de\/dblog\/wp-json\/wp\/v2\/comments?post=9974"}],"version-history":[{"count":2,"href":"https:\/\/dodio.de\/dblog\/wp-json\/wp\/v2\/posts\/9974\/revisions"}],"predecessor-version":[{"id":10110,"href":"https:\/\/dodio.de\/dblog\/wp-json\/wp\/v2\/posts\/9974\/revisions\/10110"}],"wp:attachment":[{"href":"https:\/\/dodio.de\/dblog\/wp-json\/wp\/v2\/media?parent=9974"}],"wp:term":[{"taxonomy":"category","embeddable":true,"href":"https:\/\/dodio.de\/dblog\/wp-json\/wp\/v2\/categories?post=9974"},{"taxonomy":"post_tag","embeddable":true,"href":"https:\/\/dodio.de\/dblog\/wp-json\/wp\/v2\/tags?post=9974"}],"curies":[{"name":"wp","href":"https:\/\/api.w.org\/{rel}","templated":true}]}}